{"id":7434,"date":"2016-01-04T15:17:52","date_gmt":"2016-01-04T15:17:52","guid":{"rendered":"https:\/\/www.cythelia.fr\/?p=7434"},"modified":"2016-12-16T10:22:02","modified_gmt":"2016-12-16T09:22:02","slug":"bilan-carbone-de-luvetd-de-savoie-dechets","status":"publish","type":"post","link":"https:\/\/www.cythelia.fr\/es\/2016\/01\/04\/bilan-carbone-de-luvetd-de-savoie-dechets\/","title":{"rendered":"06. Balance de carbono de la planta de valorizaci\u00f3n energ\u00e9tica y reciclaje de residuos de Savoie D\u00e9chets"},"content":{"rendered":"<p><strong>Tipo de misi\u00f3n:<\/strong> Balance de carbono<br \/>\n<strong>Cliente:<\/strong> Savoie D\u00e9chets<br \/>\n<strong>Pa\u00eds:<\/strong>\u00a0Francia<br \/>\n<strong>Descripci\u00f3n: <\/strong>Balance de carbono de una <span class=\"st\">planta de valorizaci\u00f3n energ\u00e9tica y reciclaje de residuos<\/span><\/p>\n","protected":false},"excerpt":{"rendered":"<p>Tipo de misi\u00f3n: Balance de carbono Cliente: Savoie D\u00e9chets Pa\u00eds:\u00a0Francia Descripci\u00f3n: Balance de carbono de una planta de valorizaci\u00f3n energ\u00e9tica y reciclaje de residuos<\/p>\n","protected":false},"author":2,"featured_media":7435,"comment_status":"closed","ping_status":"closed","sticky":false,"template":"","format":"standard","meta":[],"categories":[16],"tags":[],"yoast_head":"<!-- This site is optimized with the Yoast SEO plugin v20.0 - https:\/\/yoast.com\/wordpress\/plugins\/seo\/ -->\n<title>06. Balance de carbono de la planta de valorizaci\u00f3n energ\u00e9tica y reciclaje de residuos de Savoie D\u00e9chets - Cythelia Version ES<\/title>\n<meta name=\"robots\" content=\"index, follow, max-snippet:-1, max-image-preview:large, max-video-preview:-1\" \/>\n<link rel=\"canonical\" href=\"https:\/\/www.cythelia.fr\/es\/2016\/01\/04\/bilan-carbone-de-luvetd-de-savoie-dechets\/\" \/>\n<meta property=\"og:locale\" content=\"fr_FR\" \/>\n<meta property=\"og:type\" content=\"article\" \/>\n<meta property=\"og:title\" content=\"06. Balance de carbono de la planta de valorizaci\u00f3n energ\u00e9tica y reciclaje de residuos de Savoie D\u00e9chets - Cythelia Version ES\" \/>\n<meta property=\"og:description\" content=\"Tipo de misi\u00f3n: Balance de carbono Cliente: Savoie D\u00e9chets Pa\u00eds:\u00a0Francia Descripci\u00f3n: Balance de carbono de una planta de valorizaci\u00f3n energ\u00e9tica y reciclaje de residuos\" \/>\n<meta property=\"og:url\" content=\"https:\/\/www.cythelia.fr\/es\/2016\/01\/04\/bilan-carbone-de-luvetd-de-savoie-dechets\/\" \/>\n<meta property=\"og:site_name\" content=\"Cythelia Version ES\" \/>\n<meta property=\"article:published_time\" content=\"2016-01-04T15:17:52+00:00\" \/>\n<meta property=\"article:modified_time\" content=\"2016-12-16T09:22:02+00:00\" \/>\n<meta property=\"og:image\" content=\"https:\/\/www.cythelia.fr\/es\/wp-content\/uploads\/sites\/3\/2016\/01\/Bilan-Carbone-Savoie-Dechets.jpg\" \/>\n\t<meta property=\"og:image:width\" content=\"900\" \/>\n\t<meta property=\"og:image:height\" content=\"628\" \/>\n\t<meta property=\"og:image:type\" content=\"image\/jpeg\" \/>\n<meta name=\"author\" content=\"benoit\" \/>\n<meta name=\"twitter:label1\" content=\"\u00c9crit par\" \/>\n\t<meta name=\"twitter:data1\" content=\"benoit\" \/>\n<script type=\"application\/ld+json\" class=\"yoast-schema-graph\">{\"@context\":\"https:\/\/schema.org\",\"@graph\":[{\"@type\":\"WebPage\",\"@id\":\"https:\/\/www.cythelia.fr\/es\/2016\/01\/04\/bilan-carbone-de-luvetd-de-savoie-dechets\/\",\"url\":\"https:\/\/www.cythelia.fr\/es\/2016\/01\/04\/bilan-carbone-de-luvetd-de-savoie-dechets\/\",\"name\":\"06. Balance de carbono de la planta de valorizaci\u00f3n energ\u00e9tica y reciclaje de residuos de Savoie D\u00e9chets - Cythelia Version ES\",\"isPartOf\":{\"@id\":\"https:\/\/www.cythelia.fr\/es\/#website\"},\"datePublished\":\"2016-01-04T15:17:52+00:00\",\"dateModified\":\"2016-12-16T09:22:02+00:00\",\"author\":{\"@id\":\"https:\/\/www.cythelia.fr\/es\/#\/schema\/person\/6ee1ade925575810355ea7e37dc53ac9\"},\"breadcrumb\":{\"@id\":\"https:\/\/www.cythelia.fr\/es\/2016\/01\/04\/bilan-carbone-de-luvetd-de-savoie-dechets\/#breadcrumb\"},\"inLanguage\":\"fr-FR\",\"potentialAction\":[{\"@type\":\"ReadAction\",\"target\":[\"https:\/\/www.cythelia.fr\/es\/2016\/01\/04\/bilan-carbone-de-luvetd-de-savoie-dechets\/\"]}]},{\"@type\":\"BreadcrumbList\",\"@id\":\"https:\/\/www.cythelia.fr\/es\/2016\/01\/04\/bilan-carbone-de-luvetd-de-savoie-dechets\/#breadcrumb\",\"itemListElement\":[{\"@type\":\"ListItem\",\"position\":1,\"name\":\"Accueil\",\"item\":\"https:\/\/www.cythelia.fr\/es\/\"},{\"@type\":\"ListItem\",\"position\":2,\"name\":\"06. Balance de carbono de la planta de valorizaci\u00f3n energ\u00e9tica y reciclaje de residuos de Savoie D\u00e9chets\"}]},{\"@type\":\"WebSite\",\"@id\":\"https:\/\/www.cythelia.fr\/es\/#website\",\"url\":\"https:\/\/www.cythelia.fr\/es\/\",\"name\":\"Cythelia Version ES\",\"description\":\"\",\"potentialAction\":[{\"@type\":\"SearchAction\",\"target\":{\"@type\":\"EntryPoint\",\"urlTemplate\":\"https:\/\/www.cythelia.fr\/es\/?s={search_term_string}\"},\"query-input\":\"required name=search_term_string\"}],\"inLanguage\":\"fr-FR\"},{\"@type\":\"Person\",\"@id\":\"https:\/\/www.cythelia.fr\/es\/#\/schema\/person\/6ee1ade925575810355ea7e37dc53ac9\",\"name\":\"benoit\",\"image\":{\"@type\":\"ImageObject\",\"inLanguage\":\"fr-FR\",\"@id\":\"https:\/\/www.cythelia.fr\/es\/#\/schema\/person\/image\/\",\"url\":\"https:\/\/secure.gravatar.com\/avatar\/877ab86f10756e03073e9b265b4e7a96?s=96&d=mm&r=g\",\"contentUrl\":\"https:\/\/secure.gravatar.com\/avatar\/877ab86f10756e03073e9b265b4e7a96?s=96&d=mm&r=g\",\"caption\":\"benoit\"},\"url\":\"https:\/\/www.cythelia.fr\/es\/author\/benoit\/\"}]}<\/script>\n<!-- \/ Yoast SEO plugin. -->","yoast_head_json":{"title":"06. Balance de carbono de la planta de valorizaci\u00f3n energ\u00e9tica y reciclaje de residuos de Savoie D\u00e9chets - Cythelia Version ES","robots":{"index":"index","follow":"follow","max-snippet":"max-snippet:-1","max-image-preview":"max-image-preview:large","max-video-preview":"max-video-preview:-1"},"canonical":"https:\/\/www.cythelia.fr\/es\/2016\/01\/04\/bilan-carbone-de-luvetd-de-savoie-dechets\/","og_locale":"fr_FR","og_type":"article","og_title":"06. Balance de carbono de la planta de valorizaci\u00f3n energ\u00e9tica y reciclaje de residuos de Savoie D\u00e9chets - Cythelia Version ES","og_description":"Tipo de misi\u00f3n: Balance de carbono Cliente: Savoie D\u00e9chets Pa\u00eds:\u00a0Francia Descripci\u00f3n: Balance de carbono de una planta de valorizaci\u00f3n energ\u00e9tica y reciclaje de residuos","og_url":"https:\/\/www.cythelia.fr\/es\/2016\/01\/04\/bilan-carbone-de-luvetd-de-savoie-dechets\/","og_site_name":"Cythelia Version ES","article_published_time":"2016-01-04T15:17:52+00:00","article_modified_time":"2016-12-16T09:22:02+00:00","og_image":[{"width":900,"height":628,"url":"https:\/\/www.cythelia.fr\/es\/wp-content\/uploads\/sites\/3\/2016\/01\/Bilan-Carbone-Savoie-Dechets.jpg","type":"image\/jpeg"}],"author":"benoit","twitter_misc":{"\u00c9crit par":"benoit"},"schema":{"@context":"https:\/\/schema.org","@graph":[{"@type":"WebPage","@id":"https:\/\/www.cythelia.fr\/es\/2016\/01\/04\/bilan-carbone-de-luvetd-de-savoie-dechets\/","url":"https:\/\/www.cythelia.fr\/es\/2016\/01\/04\/bilan-carbone-de-luvetd-de-savoie-dechets\/","name":"06. Balance de carbono de la planta de valorizaci\u00f3n energ\u00e9tica y reciclaje de residuos de Savoie D\u00e9chets - Cythelia Version ES","isPartOf":{"@id":"https:\/\/www.cythelia.fr\/es\/#website"},"datePublished":"2016-01-04T15:17:52+00:00","dateModified":"2016-12-16T09:22:02+00:00","author":{"@id":"https:\/\/www.cythelia.fr\/es\/#\/schema\/person\/6ee1ade925575810355ea7e37dc53ac9"},"breadcrumb":{"@id":"https:\/\/www.cythelia.fr\/es\/2016\/01\/04\/bilan-carbone-de-luvetd-de-savoie-dechets\/#breadcrumb"},"inLanguage":"fr-FR","potentialAction":[{"@type":"ReadAction","target":["https:\/\/www.cythelia.fr\/es\/2016\/01\/04\/bilan-carbone-de-luvetd-de-savoie-dechets\/"]}]},{"@type":"BreadcrumbList","@id":"https:\/\/www.cythelia.fr\/es\/2016\/01\/04\/bilan-carbone-de-luvetd-de-savoie-dechets\/#breadcrumb","itemListElement":[{"@type":"ListItem","position":1,"name":"Accueil","item":"https:\/\/www.cythelia.fr\/es\/"},{"@type":"ListItem","position":2,"name":"06. Balance de carbono de la planta de valorizaci\u00f3n energ\u00e9tica y reciclaje de residuos de Savoie D\u00e9chets"}]},{"@type":"WebSite","@id":"https:\/\/www.cythelia.fr\/es\/#website","url":"https:\/\/www.cythelia.fr\/es\/","name":"Cythelia Version ES","description":"","potentialAction":[{"@type":"SearchAction","target":{"@type":"EntryPoint","urlTemplate":"https:\/\/www.cythelia.fr\/es\/?s={search_term_string}"},"query-input":"required name=search_term_string"}],"inLanguage":"fr-FR"},{"@type":"Person","@id":"https:\/\/www.cythelia.fr\/es\/#\/schema\/person\/6ee1ade925575810355ea7e37dc53ac9","name":"benoit","image":{"@type":"ImageObject","inLanguage":"fr-FR","@id":"https:\/\/www.cythelia.fr\/es\/#\/schema\/person\/image\/","url":"https:\/\/secure.gravatar.com\/avatar\/877ab86f10756e03073e9b265b4e7a96?s=96&d=mm&r=g","contentUrl":"https:\/\/secure.gravatar.com\/avatar\/877ab86f10756e03073e9b265b4e7a96?s=96&d=mm&r=g","caption":"benoit"},"url":"https:\/\/www.cythelia.fr\/es\/author\/benoit\/"}]}},"_links":{"self":[{"href":"https:\/\/www.cythelia.fr\/es\/wp-json\/wp\/v2\/posts\/7434"}],"collection":[{"href":"https:\/\/www.cythelia.fr\/es\/wp-json\/wp\/v2\/posts"}],"about":[{"href":"https:\/\/www.cythelia.fr\/es\/wp-json\/wp\/v2\/types\/post"}],"author":[{"embeddable":true,"href":"https:\/\/www.cythelia.fr\/es\/wp-json\/wp\/v2\/users\/2"}],"replies":[{"embeddable":true,"href":"https:\/\/www.cythelia.fr\/es\/wp-json\/wp\/v2\/comments?post=7434"}],"version-history":[{"count":2,"href":"https:\/\/www.cythelia.fr\/es\/wp-json\/wp\/v2\/posts\/7434\/revisions"}],"predecessor-version":[{"id":7678,"href":"https:\/\/www.cythelia.fr\/es\/wp-json\/wp\/v2\/posts\/7434\/revisions\/7678"}],"wp:featuredmedia":[{"embeddable":true,"href":"https:\/\/www.cythelia.fr\/es\/wp-json\/wp\/v2\/media\/7435"}],"wp:attachment":[{"href":"https:\/\/www.cythelia.fr\/es\/wp-json\/wp\/v2\/media?parent=7434"}],"wp:term":[{"taxonomy":"category","embeddable":true,"href":"https:\/\/www.cythelia.fr\/es\/wp-json\/wp\/v2\/categories?post=7434"},{"taxonomy":"post_tag","embeddable":true,"href":"https:\/\/www.cythelia.fr\/es\/wp-json\/wp\/v2\/tags?post=7434"}],"curies":[{"name":"wp","href":"https:\/\/api.w.org\/{rel}","templated":true}]}}